{"id":23997,"date":"2024-05-05T18:54:00","date_gmt":"2024-05-05T18:54:00","guid":{"rendered":"https:\/\/przedszkole-alwernia.pl\/?p=23997"},"modified":"2024-05-05T17:57:39","modified_gmt":"2024-05-05T17:57:39","slug":"dyzur-wakacyjny-2","status":"publish","type":"post","link":"https:\/\/przedszkole-alwernia.pl\/?p=23997","title":{"rendered":"Dy\u017cur wakacyjny"},"content":{"rendered":"<p>Zarz\u0105dzenia Burmistrza Nr 0050.14.2024 z dnia 04 stycznia 2024 r. w sprawie: termin\u00f3w przeprowadzenia post\u0119powania rekrutacyjnego i post\u0119powania uzupe\u0142niaj\u0105cego, w tym termin\u00f3w sk\u0142adania dokument\u00f3w do przedszkoli, oddzia\u0142\u00f3w przedszkolnych w szko\u0142ach podstawowych oraz klas pierwszych szk\u00f3\u0142 podstawowych prowadzonych przez Gmin\u0119 Alwernia na rok szkolny 2024\/2025<\/p>\n<p><a href=\"https:\/\/przedszkole-alwernia.pl\/wp-content\/uploads\/2024\/01\/Zarzadzenie-nr-0050.15.2024-z-dnia-04-stycznia-2024-r.pdf\">Zarz\u0105dzenie nr 0050.15.2024 z dnia 04 stycznia 2024 r.<\/a><\/p>\n<p><a href=\"https:\/\/przedszkole-alwernia.pl\/wp-content\/uploads\/2024\/04\/Deklaracja-2023-2024-dyzur-wakacyjny.doc\">Deklaracja &#8211; 2023-2024 dy\u017cur wakacyjny<\/a><\/p>\n","protected":false},"excerpt":{"rendered":"<p>Zarz\u0105dzenia Burmistrza Nr 0050.14.2024 z dnia 04 stycznia 2024 r. w sprawie: termin\u00f3w przeprowadzenia post\u0119powania rekrutacyjnego i post\u0119powania uzupe\u0142niaj\u0105cego, w tym termin\u00f3w sk\u0142adania dokument\u00f3w do przedszkoli, oddzia\u0142\u00f3w przedszkolnych w szko\u0142ach podstawowych oraz klas pierwszych szk\u00f3\u0142 podstawowych prowadzonych przez Gmin\u0119 Alwernia na rok szkolny 2024\/2025 Zarz\u0105dzenie nr 0050.15.2024 z dnia 04 stycznia 2024 r. Deklaracja &#8211; [&hellip;]<\/p>\n","protected":false},"author":2,"featured_media":0,"comment_status":"open","ping_status":"closed","sticky":false,"template":"","format":"standard","meta":{"footnotes":""},"categories":[1],"tags":[],"class_list":["post-23997","post","type-post","status-publish","format-standard","hentry","category-uncategorized"],"_links":{"self":[{"href":"https:\/\/przedszkole-alwernia.pl\/index.php?rest_route=\/wp\/v2\/posts\/23997","targetHints":{"allow":["GET"]}}],"collection":[{"href":"https:\/\/przedszkole-alwernia.pl\/index.php?rest_route=\/wp\/v2\/posts"}],"about":[{"href":"https:\/\/przedszkole-alwernia.pl\/index.php?rest_route=\/wp\/v2\/types\/post"}],"author":[{"embeddable":true,"href":"https:\/\/przedszkole-alwernia.pl\/index.php?rest_route=\/wp\/v2\/users\/2"}],"replies":[{"embeddable":true,"href":"https:\/\/przedszkole-alwernia.pl\/index.php?rest_route=%2Fwp%2Fv2%2Fcomments&post=23997"}],"version-history":[{"count":2,"href":"https:\/\/przedszkole-alwernia.pl\/index.php?rest_route=\/wp\/v2\/posts\/23997\/revisions"}],"predecessor-version":[{"id":24339,"href":"https:\/\/przedszkole-alwernia.pl\/index.php?rest_route=\/wp\/v2\/posts\/23997\/revisions\/24339"}],"wp:attachment":[{"href":"https:\/\/przedszkole-alwernia.pl\/index.php?rest_route=%2Fwp%2Fv2%2Fmedia&parent=23997"}],"wp:term":[{"taxonomy":"category","embeddable":true,"href":"https:\/\/przedszkole-alwernia.pl\/index.php?rest_route=%2Fwp%2Fv2%2Fcategories&post=23997"},{"taxonomy":"post_tag","embeddable":true,"href":"https:\/\/przedszkole-alwernia.pl\/index.php?rest_route=%2Fwp%2Fv2%2Ftags&post=23997"}],"curies":[{"name":"wp","href":"https:\/\/api.w.org\/{rel}","templated":true}]}}