{"id":24004,"date":"2024-01-08T12:17:17","date_gmt":"2024-01-08T12:17:17","guid":{"rendered":"https:\/\/przedszkole-alwernia.pl\/?p=24004"},"modified":"2024-01-29T14:23:13","modified_gmt":"2024-01-29T14:23:13","slug":"rekrutacja-do-przedszkola-na-rok-2024-2025","status":"publish","type":"post","link":"https:\/\/przedszkole-alwernia.pl\/?p=24004","title":{"rendered":"Og\u0142oszenie o rekrutacji do przedszkola na rok szkolny 2024\/2025"},"content":{"rendered":"<p>Zarz\u0105dzenie Burmistrza Nr 0050.14.2024 z dnia 04 stycznia 2024 r. w sprawie: termin\u00f3w przeprowadzenia post\u0119powania rekrutacyjnego i post\u0119powania uzupe\u0142niaj\u0105cego, w tym termin\u00f3w sk\u0142adania dokument\u00f3w do przedszkoli, oddzia\u0142\u00f3w przedszkolnych w szko\u0142ach podstawowych oraz klas pierwszych szk\u00f3\u0142 podstawowych prowadzonych przez Gmin\u0119 Alwernia na rok szkolny 2024\/2025 oraz uchwa\u0142y Rady Miejskiej w Alwerni w zakresie kryteri\u00f3w rekrutacji.<\/p>\n<p><a href=\"https:\/\/przedszkole-alwernia.pl\/wp-content\/uploads\/2024\/01\/Zarzadzenie-nr-0050.14.2024-z-dnia-04-stycznia-2024-r.pdf\">Zarz\u0105dzenie nr 0050.14.2024 z dnia 04 stycznia 2024 r.<\/a><\/p>\n<p><a href=\"https:\/\/przedszkole-alwernia.pl\/wp-content\/uploads\/2024\/01\/uchwala-kryteria-rekrutacji-przedszkola-2.pdf\">uchwa\u0142a kryteria rekrutacji przedszkola <\/a><\/p>\n<p><a href=\"https:\/\/przedszkole-alwernia.pl\/wp-content\/uploads\/2024\/01\/uchwala-kryteria-rekrutacji-przedszkola_zmiana-1.pdf\">uchwa\u0142a kryteria rekrutacji przedszkola_zmiana <\/a><\/p>\n<p><a href=\"https:\/\/przedszkole-alwernia.pl\/wp-content\/uploads\/2024\/01\/WZORY-OSWIADCZEN-2024.doc\">WZORY-OSWIADCZEN-2024<\/a><\/p>\n<p><a href=\"https:\/\/przedszkole-alwernia.pl\/wp-content\/uploads\/2024\/01\/Wniosek-2024-1.pdf\">Wniosek 2024<\/a><\/p>\n","protected":false},"excerpt":{"rendered":"<p>Zarz\u0105dzenie Burmistrza Nr 0050.14.2024 z dnia 04 stycznia 2024 r. w sprawie: termin\u00f3w przeprowadzenia post\u0119powania rekrutacyjnego i post\u0119powania uzupe\u0142niaj\u0105cego, w tym termin\u00f3w sk\u0142adania dokument\u00f3w do przedszkoli, oddzia\u0142\u00f3w przedszkolnych w szko\u0142ach podstawowych oraz klas pierwszych szk\u00f3\u0142 podstawowych prowadzonych przez Gmin\u0119 Alwernia na rok szkolny 2024\/2025 oraz uchwa\u0142y Rady Miejskiej w Alwerni w zakresie kryteri\u00f3w rekrutacji. Zarz\u0105dzenie [&hellip;]<\/p>\n","protected":false},"author":2,"featured_media":0,"comment_status":"open","ping_status":"closed","sticky":false,"template":"","format":"standard","meta":{"footnotes":""},"categories":[1],"tags":[],"class_list":["post-24004","post","type-post","status-publish","format-standard","hentry","category-uncategorized"],"_links":{"self":[{"href":"https:\/\/przedszkole-alwernia.pl\/index.php?rest_route=\/wp\/v2\/posts\/24004","targetHints":{"allow":["GET"]}}],"collection":[{"href":"https:\/\/przedszkole-alwernia.pl\/index.php?rest_route=\/wp\/v2\/posts"}],"about":[{"href":"https:\/\/przedszkole-alwernia.pl\/index.php?rest_route=\/wp\/v2\/types\/post"}],"author":[{"embeddable":true,"href":"https:\/\/przedszkole-alwernia.pl\/index.php?rest_route=\/wp\/v2\/users\/2"}],"replies":[{"embeddable":true,"href":"https:\/\/przedszkole-alwernia.pl\/index.php?rest_route=%2Fwp%2Fv2%2Fcomments&post=24004"}],"version-history":[{"count":4,"href":"https:\/\/przedszkole-alwernia.pl\/index.php?rest_route=\/wp\/v2\/posts\/24004\/revisions"}],"predecessor-version":[{"id":24065,"href":"https:\/\/przedszkole-alwernia.pl\/index.php?rest_route=\/wp\/v2\/posts\/24004\/revisions\/24065"}],"wp:attachment":[{"href":"https:\/\/przedszkole-alwernia.pl\/index.php?rest_route=%2Fwp%2Fv2%2Fmedia&parent=24004"}],"wp:term":[{"taxonomy":"category","embeddable":true,"href":"https:\/\/przedszkole-alwernia.pl\/index.php?rest_route=%2Fwp%2Fv2%2Fcategories&post=24004"},{"taxonomy":"post_tag","embeddable":true,"href":"https:\/\/przedszkole-alwernia.pl\/index.php?rest_route=%2Fwp%2Fv2%2Ftags&post=24004"}],"curies":[{"name":"wp","href":"https:\/\/api.w.org\/{rel}","templated":true}]}}