{"id":24264,"date":"2024-03-15T09:06:03","date_gmt":"2024-03-15T09:06:03","guid":{"rendered":"https:\/\/przedszkole-alwernia.pl\/?p=24264"},"modified":"2024-04-02T08:34:50","modified_gmt":"2024-04-02T08:34:50","slug":"kampania-domowe-zasady-ekranowe","status":"publish","type":"post","link":"https:\/\/przedszkole-alwernia.pl\/?p=24264","title":{"rendered":"Kampania &#8211; Domowe zasady ekranowe"},"content":{"rendered":"<p><a href=\"https:\/\/przedszkole-alwernia.pl\/wp-content\/uploads\/2024\/03\/KV02_3.jpg\" data-rel=\"lightbox-image-0\" data-rl_title=\"\" data-rl_caption=\"\" title=\"\"><img loading=\"lazy\" decoding=\"async\" class=\"alignnone size-medium wp-image-24265\" src=\"https:\/\/przedszkole-alwernia.pl\/wp-content\/uploads\/2024\/03\/KV02_3-300x169.jpg\" alt=\"\" width=\"300\" height=\"169\" srcset=\"https:\/\/przedszkole-alwernia.pl\/wp-content\/uploads\/2024\/03\/KV02_3-300x169.jpg 300w, https:\/\/przedszkole-alwernia.pl\/wp-content\/uploads\/2024\/03\/KV02_3-1024x576.jpg 1024w, https:\/\/przedszkole-alwernia.pl\/wp-content\/uploads\/2024\/03\/KV02_3-768x432.jpg 768w, https:\/\/przedszkole-alwernia.pl\/wp-content\/uploads\/2024\/03\/KV02_3.jpg 1320w\" sizes=\"auto, (max-width: 300px) 100vw, 300px\" \/><br \/>\n<\/a><\/p>\n<p><iframe loading=\"lazy\" title=\"Wiadomo\u015b\u0107 od Elli | Deutsche Telekom \u201cShare with care\u201d\" width=\"793\" height=\"446\" src=\"https:\/\/www.youtube.com\/embed\/6xDA_7U95rs?feature=oembed\" frameborder=\"0\" allow=\"accelerometer; autoplay; clipboard-write; encrypted-media; gyroscope; picture-in-picture; web-share\" referrerpolicy=\"strict-origin-when-cross-origin\" allowfullscreen><\/iframe><\/p>\n<p><!--more--><\/p>\n<p>Kampania <span data-contrast=\"auto\">\u00a0\u201eDomowe Zasady Ekranowe\u201d\u00a0 promuje zr\u00f3wnowa\u017cone korzystanie z urz\u0105dze\u0144 ekranowych, tak \u017ceby nie stanowi\u0142y one zagro\u017cenia dla relacji rodzinnych, rozwoju dzieci i zdrowia domownik\u00f3w. \u017beby wykorzystywane \u015bwiadomie i z umiarem by\u0142y pozytywnym dodatkiem do rodzinnego \u017cycia, a\u202fnie jego centralnym punktem.<\/span><span data-ccp-props=\"{}\">\u00a0<\/span><\/p>\n<p>W zak\u0142adce ,, Warto pocztya\u0107 &#8221; znajduj\u0105 si\u0119 linki z ciekawymi artyku\u0142ami zwi\u0105zanymi z tym tematem.<\/p>\n","protected":false},"excerpt":{"rendered":"","protected":false},"author":2,"featured_media":0,"comment_status":"open","ping_status":"closed","sticky":false,"template":"","format":"standard","meta":{"footnotes":""},"categories":[1],"tags":[],"class_list":["post-24264","post","type-post","status-publish","format-standard","hentry","category-uncategorized"],"_links":{"self":[{"href":"https:\/\/przedszkole-alwernia.pl\/index.php?rest_route=\/wp\/v2\/posts\/24264","targetHints":{"allow":["GET"]}}],"collection":[{"href":"https:\/\/przedszkole-alwernia.pl\/index.php?rest_route=\/wp\/v2\/posts"}],"about":[{"href":"https:\/\/przedszkole-alwernia.pl\/index.php?rest_route=\/wp\/v2\/types\/post"}],"author":[{"embeddable":true,"href":"https:\/\/przedszkole-alwernia.pl\/index.php?rest_route=\/wp\/v2\/users\/2"}],"replies":[{"embeddable":true,"href":"https:\/\/przedszkole-alwernia.pl\/index.php?rest_route=%2Fwp%2Fv2%2Fcomments&post=24264"}],"version-history":[{"count":2,"href":"https:\/\/przedszkole-alwernia.pl\/index.php?rest_route=\/wp\/v2\/posts\/24264\/revisions"}],"predecessor-version":[{"id":24330,"href":"https:\/\/przedszkole-alwernia.pl\/index.php?rest_route=\/wp\/v2\/posts\/24264\/revisions\/24330"}],"wp:attachment":[{"href":"https:\/\/przedszkole-alwernia.pl\/index.php?rest_route=%2Fwp%2Fv2%2Fmedia&parent=24264"}],"wp:term":[{"taxonomy":"category","embeddable":true,"href":"https:\/\/przedszkole-alwernia.pl\/index.php?rest_route=%2Fwp%2Fv2%2Fcategories&post=24264"},{"taxonomy":"post_tag","embeddable":true,"href":"https:\/\/przedszkole-alwernia.pl\/index.php?rest_route=%2Fwp%2Fv2%2Ftags&post=24264"}],"curies":[{"name":"wp","href":"https:\/\/api.w.org\/{rel}","templated":true}]}}