{"id":24276,"date":"2024-03-19T17:39:08","date_gmt":"2024-03-19T17:39:08","guid":{"rendered":"https:\/\/przedszkole-alwernia.pl\/?p=24276"},"modified":"2024-03-19T17:40:11","modified_gmt":"2024-03-19T17:40:11","slug":"nakarm-psiaka-lub-kociaka","status":"publish","type":"post","link":"https:\/\/przedszkole-alwernia.pl\/?p=24276","title":{"rendered":"Nakarm psiaka lub kociaka!"},"content":{"rendered":"<p><a href=\"https:\/\/przedszkole-alwernia.pl\/wp-content\/uploads\/2024\/03\/IMG_2929-scaled.jpeg\" data-rel=\"lightbox-image-0\" data-rl_title=\"\" data-rl_caption=\"\" title=\"\"><img loading=\"lazy\" decoding=\"async\" class=\"alignnone size-medium wp-image-24277\" src=\"https:\/\/przedszkole-alwernia.pl\/wp-content\/uploads\/2024\/03\/IMG_2929-225x300.jpeg\" alt=\"\" width=\"225\" height=\"300\" srcset=\"https:\/\/przedszkole-alwernia.pl\/wp-content\/uploads\/2024\/03\/IMG_2929-225x300.jpeg 225w, https:\/\/przedszkole-alwernia.pl\/wp-content\/uploads\/2024\/03\/IMG_2929-768x1024.jpeg 768w, https:\/\/przedszkole-alwernia.pl\/wp-content\/uploads\/2024\/03\/IMG_2929-1152x1536.jpeg 1152w, https:\/\/przedszkole-alwernia.pl\/wp-content\/uploads\/2024\/03\/IMG_2929-1536x2048.jpeg 1536w, https:\/\/przedszkole-alwernia.pl\/wp-content\/uploads\/2024\/03\/IMG_2929-scaled.jpeg 1920w\" sizes=\"auto, (max-width: 225px) 100vw, 225px\" \/><\/a><\/p>\n<p>Nasze przedszkole wspiera dzia\u0142ania na rzecz zwierz\u0105t!<br \/>\n<span style=\"font-size: revert;\">Zapraszamy do do\u0142\u0105czenia do zbi\u00f3rki <\/span><span style=\"font-size: revert;\">\u00a0na rzecz \u00a0Miejskiego Schroniska dla Zwierz\u0105t w Tychach .Og\u0142aszamy zbi\u00f3rk\u0119 dar\u00f3w<\/span><span style=\"font-size: revert;\">, kt\u00f3re mo\u017cna przynosi\u0107 do naszego przedszkola <\/span><span style=\"font-size: revert;\">Akcja trwa od 20 <\/span><span style=\"font-size: revert;\">marca do 4 <\/span><span style=\"font-size: revert;\">kwietnia 2024.<\/span><\/p>\n<p>Szczeg\u00f3\u0142y akcji na plakacie.<\/p>\n","protected":false},"excerpt":{"rendered":"<p>Nasze przedszkole wspiera dzia\u0142ania na rzecz zwierz\u0105t! Zapraszamy do do\u0142\u0105czenia do zbi\u00f3rki \u00a0na rzecz \u00a0Miejskiego Schroniska dla Zwierz\u0105t w Tychach .Og\u0142aszamy zbi\u00f3rk\u0119 dar\u00f3w, kt\u00f3re mo\u017cna przynosi\u0107 do naszego przedszkola Akcja trwa od 20 marca do 4 kwietnia 2024. Szczeg\u00f3\u0142y akcji na plakacie.<\/p>\n","protected":false},"author":2,"featured_media":0,"comment_status":"open","ping_status":"closed","sticky":false,"template":"","format":"standard","meta":{"footnotes":""},"categories":[1],"tags":[],"class_list":["post-24276","post","type-post","status-publish","format-standard","hentry","category-uncategorized"],"_links":{"self":[{"href":"https:\/\/przedszkole-alwernia.pl\/index.php?rest_route=\/wp\/v2\/posts\/24276","targetHints":{"allow":["GET"]}}],"collection":[{"href":"https:\/\/przedszkole-alwernia.pl\/index.php?rest_route=\/wp\/v2\/posts"}],"about":[{"href":"https:\/\/przedszkole-alwernia.pl\/index.php?rest_route=\/wp\/v2\/types\/post"}],"author":[{"embeddable":true,"href":"https:\/\/przedszkole-alwernia.pl\/index.php?rest_route=\/wp\/v2\/users\/2"}],"replies":[{"embeddable":true,"href":"https:\/\/przedszkole-alwernia.pl\/index.php?rest_route=%2Fwp%2Fv2%2Fcomments&post=24276"}],"version-history":[{"count":2,"href":"https:\/\/przedszkole-alwernia.pl\/index.php?rest_route=\/wp\/v2\/posts\/24276\/revisions"}],"predecessor-version":[{"id":24279,"href":"https:\/\/przedszkole-alwernia.pl\/index.php?rest_route=\/wp\/v2\/posts\/24276\/revisions\/24279"}],"wp:attachment":[{"href":"https:\/\/przedszkole-alwernia.pl\/index.php?rest_route=%2Fwp%2Fv2%2Fmedia&parent=24276"}],"wp:term":[{"taxonomy":"category","embeddable":true,"href":"https:\/\/przedszkole-alwernia.pl\/index.php?rest_route=%2Fwp%2Fv2%2Fcategories&post=24276"},{"taxonomy":"post_tag","embeddable":true,"href":"https:\/\/przedszkole-alwernia.pl\/index.php?rest_route=%2Fwp%2Fv2%2Ftags&post=24276"}],"curies":[{"name":"wp","href":"https:\/\/api.w.org\/{rel}","templated":true}]}}