{"id":28596,"date":"2026-04-15T20:04:57","date_gmt":"2026-04-15T20:04:57","guid":{"rendered":"https:\/\/przedszkole-alwernia.pl\/?p=28596"},"modified":"2026-04-28T20:10:57","modified_gmt":"2026-04-28T20:10:57","slug":"dyskusyjny-klub-ksiazki","status":"publish","type":"post","link":"https:\/\/przedszkole-alwernia.pl\/?p=28596","title":{"rendered":"Dyskusyjny klub ksi\u0105\u017cki"},"content":{"rendered":"<p><a href=\"https:\/\/przedszkole-alwernia.pl\/wp-content\/uploads\/2026\/04\/d7df8e41-3ef3-40aa-8cef-403bd96ccb78.jpeg\" data-rel=\"lightbox-image-0\" data-rl_title=\"\" data-rl_caption=\"\" title=\"\"><img loading=\"lazy\" decoding=\"async\" class=\"alignnone size-medium wp-image-28599\" src=\"https:\/\/przedszkole-alwernia.pl\/wp-content\/uploads\/2026\/04\/d7df8e41-3ef3-40aa-8cef-403bd96ccb78-300x225.jpeg\" alt=\"\" width=\"300\" height=\"225\" srcset=\"https:\/\/przedszkole-alwernia.pl\/wp-content\/uploads\/2026\/04\/d7df8e41-3ef3-40aa-8cef-403bd96ccb78-300x225.jpeg 300w, https:\/\/przedszkole-alwernia.pl\/wp-content\/uploads\/2026\/04\/d7df8e41-3ef3-40aa-8cef-403bd96ccb78-1024x768.jpeg 1024w, https:\/\/przedszkole-alwernia.pl\/wp-content\/uploads\/2026\/04\/d7df8e41-3ef3-40aa-8cef-403bd96ccb78-768x576.jpeg 768w, https:\/\/przedszkole-alwernia.pl\/wp-content\/uploads\/2026\/04\/d7df8e41-3ef3-40aa-8cef-403bd96ccb78-1536x1152.jpeg 1536w, https:\/\/przedszkole-alwernia.pl\/wp-content\/uploads\/2026\/04\/d7df8e41-3ef3-40aa-8cef-403bd96ccb78.jpeg 1600w\" sizes=\"auto, (max-width: 300px) 100vw, 300px\" \/><\/a><\/p>\n<p>15 kwietnia odby\u0142o si\u0119 spotkanie Dyskusyjnego Klubu Ksi\u0105\u017cki Biblioteki w Alwerni. Dzieci wys\u0142ucha\u0142y ksi\u0105\u017ceczki pt.&#8221; Kolorowy potw\u00f3r&#8221;. Wsp\u00f3lnie pozna\u0142y emocje z opowiadania i przepisywa\u0142y im kolory. Rozmawia\u0142y w jaki spos\u00f3b odczuwamy emocje. W trakcie spotkania wzi\u0119\u0142y udzia\u0142 w zabawie, podczas kt\u00f3rej uczy\u0142y si\u0119 rozpoznawa\u0107 i nazywa\u0107 emocje. Dzi\u0119kujemy.<\/p>\n<p><a href=\"https:\/\/przedszkole-alwernia.pl\/wp-content\/uploads\/2026\/04\/IMG_5601.jpeg\" data-rel=\"lightbox-image-1\" data-rl_title=\"\" data-rl_caption=\"\" title=\"\"><img loading=\"lazy\" decoding=\"async\" class=\"size-medium wp-image-28602\" src=\"https:\/\/przedszkole-alwernia.pl\/wp-content\/uploads\/2026\/04\/IMG_5601-212x300.jpeg\" alt=\"\" width=\"212\" height=\"300\" srcset=\"https:\/\/przedszkole-alwernia.pl\/wp-content\/uploads\/2026\/04\/IMG_5601-212x300.jpeg 212w, https:\/\/przedszkole-alwernia.pl\/wp-content\/uploads\/2026\/04\/IMG_5601-722x1024.jpeg 722w, https:\/\/przedszkole-alwernia.pl\/wp-content\/uploads\/2026\/04\/IMG_5601-768x1089.jpeg 768w, https:\/\/przedszkole-alwernia.pl\/wp-content\/uploads\/2026\/04\/IMG_5601-1083x1536.jpeg 1083w, https:\/\/przedszkole-alwernia.pl\/wp-content\/uploads\/2026\/04\/IMG_5601.jpeg 1290w\" sizes=\"auto, (max-width: 212px) 100vw, 212px\" \/><\/a><\/p>\n","protected":false},"excerpt":{"rendered":"<p>15 kwietnia odby\u0142o si\u0119 spotkanie Dyskusyjnego Klubu Ksi\u0105\u017cki Biblioteki w Alwerni. Dzieci wys\u0142ucha\u0142y ksi\u0105\u017ceczki pt.&#8221; Kolorowy potw\u00f3r&#8221;. Wsp\u00f3lnie pozna\u0142y emocje z opowiadania i przepisywa\u0142y im kolory. Rozmawia\u0142y w jaki spos\u00f3b odczuwamy emocje. W trakcie spotkania wzi\u0119\u0142y udzia\u0142 w zabawie, podczas kt\u00f3rej uczy\u0142y si\u0119 rozpoznawa\u0107 i nazywa\u0107 emocje. Dzi\u0119kujemy.<\/p>\n","protected":false},"author":2,"featured_media":0,"comment_status":"closed","ping_status":"closed","sticky":false,"template":"","format":"standard","meta":{"footnotes":""},"categories":[1],"tags":[],"class_list":["post-28596","post","type-post","status-publish","format-standard","hentry","category-uncategorized"],"_links":{"self":[{"href":"https:\/\/przedszkole-alwernia.pl\/index.php?rest_route=\/wp\/v2\/posts\/28596","targetHints":{"allow":["GET"]}}],"collection":[{"href":"https:\/\/przedszkole-alwernia.pl\/index.php?rest_route=\/wp\/v2\/posts"}],"about":[{"href":"https:\/\/przedszkole-alwernia.pl\/index.php?rest_route=\/wp\/v2\/types\/post"}],"author":[{"embeddable":true,"href":"https:\/\/przedszkole-alwernia.pl\/index.php?rest_route=\/wp\/v2\/users\/2"}],"replies":[{"embeddable":true,"href":"https:\/\/przedszkole-alwernia.pl\/index.php?rest_route=%2Fwp%2Fv2%2Fcomments&post=28596"}],"version-history":[{"count":3,"href":"https:\/\/przedszkole-alwernia.pl\/index.php?rest_route=\/wp\/v2\/posts\/28596\/revisions"}],"predecessor-version":[{"id":28604,"href":"https:\/\/przedszkole-alwernia.pl\/index.php?rest_route=\/wp\/v2\/posts\/28596\/revisions\/28604"}],"wp:attachment":[{"href":"https:\/\/przedszkole-alwernia.pl\/index.php?rest_route=%2Fwp%2Fv2%2Fmedia&parent=28596"}],"wp:term":[{"taxonomy":"category","embeddable":true,"href":"https:\/\/przedszkole-alwernia.pl\/index.php?rest_route=%2Fwp%2Fv2%2Fcategories&post=28596"},{"taxonomy":"post_tag","embeddable":true,"href":"https:\/\/przedszkole-alwernia.pl\/index.php?rest_route=%2Fwp%2Fv2%2Ftags&post=28596"}],"curies":[{"name":"wp","href":"https:\/\/api.w.org\/{rel}","templated":true}]}}